{"id":240694,"date":"2026-04-27T20:00:31","date_gmt":"2026-04-27T20:00:31","guid":{"rendered":"https:\/\/sports.runfyers.com\/index.php\/2026\/04\/27\/sveindis-jonsdottir-is-sports-illustrateds-first-nwsl-mvp-of-the-month\/"},"modified":"2026-04-27T20:00:31","modified_gmt":"2026-04-27T20:00:31","slug":"sveindis-jonsdottir-is-sports-illustrateds-first-nwsl-mvp-of-the-month","status":"publish","type":"post","link":"https:\/\/sports.runfyers.com\/index.php\/2026\/04\/27\/sveindis-jonsdottir-is-sports-illustrateds-first-nwsl-mvp-of-the-month\/","title":{"rendered":"Sveind\u00eds J\u00f3nsd\u00f3ttir is Sports Illustrated\u2019s first NWSL MVP of the Month"},"content":{"rendered":"<p><\/p>\n<div>\n<p><span style=\"font-weight: 400;\">After an impressive start to the season, Sports Illustrated named Angel City FC forward <\/span><a href=\"https:\/\/www.nwslsoccer.com\/players\/505cd006e0f24c0b8f03372edd6e033d\/sveind%C3%ADs-j%C3%B3nsd%C3%B3ttir\" target=\"_blank\" rel=\"noopener\"><span style=\"font-weight: 400;\">Sveind\u00eds J\u00f3nsd\u00f3ttir<\/span><\/a><span style=\"font-weight: 400;\"> as their first National Womens Soccer League (NWSL) MVP of the Month.\u00a0<\/span><\/p>\n<p><span style=\"font-weight: 400;\">\u201cI am so happy to receive this honor and be the first ever,\u201d J\u00f3nsd\u00f3ttir said to <\/span><a href=\"https:\/\/www.si.com\/soccer\/sveindis-jonsdottir-named-sports-illustrated-nwsl-mvp-of-the-month#:~:text=Sveind%C3%ADs%20J%C3%B3nsd%C3%B3ttir%20becomes%20the%20first,NWSL%20MVP%20of%20the%20Month.&amp;text=The%20winger%20joined%20Angel%20City,instrumental%20to%20AFCF&#039;s%20continued%20success.\" target=\"_blank\" rel=\"noopener\"><span style=\"font-weight: 400;\">Sports Illustrated<\/span><\/a><span style=\"font-weight: 400;\">. \u201cHopefully, there is more to come!\u201d<\/span><\/p>\n<p>Sports Illustrated launched the new award after the first month of the NWSL season to highlight players who have made significant impacts on their team that month.<\/p>\n<p>J\u00f3nsd\u00f3ttir is currently in her second season with Angel City FC (ACFC). She was born in Iceland, where she became an impactful member of the womens national team. In 2021, J\u00f3nsd\u00f3ttir was also named the Icelandic Women\u2019s Footballer of the Year.<\/p>\n<p><span style=\"font-weight: 400;\">After spending most of her professional career in Germany, J\u00f3nsd\u00f3ttir made the transition to the NWSL. In 2025,<\/span><span style=\"font-weight: 400;\"> s<\/span><span style=\"font-weight: 400;\">he <\/span><a href=\"https:\/\/angelcity.com\/acfc-post\/angel-city-signs-icelandic-international-sveind%C3%ADs-j%C3%B3nsd%C3%B3ttir\" target=\"_blank\" rel=\"noopener\"><span style=\"font-weight: 400;\">signed with ACFC<\/span><\/a><span style=\"font-weight: 400;\"> through 2027. Last season, she recorded 12 starts and scored her first NWSL goal in September 2025. While she used her first NWSL season to find her footing, J\u00f3nsd\u00f3ttir has busted onto the scene in 2026.\u00a0<\/span><\/p>\n<p>\u00a0<\/p>\n<blockquote class=\"instagram-media\" style=\"background: #FFF; border: 0; border-radius: 3px; box-shadow: 0 0 1px 0 rgba(0,0,0,0.5),0 1px 10px 0 rgba(0,0,0,0.15); margin: 1px; max-width: 540px; min-width: 326px; padding: 0; width: calc(100% - 2px);\" data-instgrm-captioned=\"\" data-instgrm-permalink=\"https:\/\/www.instagram.com\/p\/DW1j6dOiIQG\/?utm_source=ig_embed&amp;utm_campaign=loading\" data-instgrm-version=\"14\"\/>\n<p>As the first recipient of the award, J\u00f3nsd\u00f3ttir has set the bar high. In the month of March, she led the league in goals scored and recorded two assists. The NWSL also rewarded J\u00f3nsd\u00f3ttir for her early-season success, naming her to the Best XI of the Month and Player of the Month.<\/p>\n<p><span style=\"font-weight: 400;\">To add to the individual accolades, J\u00f3nsd\u00f3ttir helped her team go undefeated during the first month of the season. ACFC was the only team without a loss in March, but has since dropped a game to the Orlando Pride. They currently sit at no. 3 in the <\/span><a href=\"https:\/\/www.nwslsoccer.com\/standings\/index\" target=\"_blank\" rel=\"noopener\"><span style=\"font-weight: 400;\">NWSL standings.<\/span><\/a><span style=\"font-weight: 400;\">\u00a0<\/span><\/p>\n<p><span style=\"font-weight: 400;\">J\u00f3nsd\u00f3ttir is the first of many talented players to win Sports Illustrated\u2019s NWSL MVP of the Month and set the tone for future winners.<\/span><\/p>\n<p><em>Featured image via <a href=\"https:\/\/angelcity.com\/acfc-post\/match-recap-angel-city-1-san-diego-wave-1-8.9.25\" target=\"_blank\" rel=\"noopener\">Angel City FC<\/a>.\u00a0<\/em><\/p>\n<h4 style=\"text-align: center;\">_<\/h4>\n<h4 style=\"text-align: center;\">GIRLS SOCCER NETWORK: YOUR SOURCE FOR GIRLS SOCCER NEWS<\/h4>\n<p> <!-- CONTENT END 2 --><\/div>\n<p><script async defer src=\"https:\/\/platform.instagram.com\/en_US\/embeds.js\"><\/script><br \/>\n<br \/><a href=\"https:\/\/girlssoccernetwork.com\/sveindis-jonsdottir-is-sports-illustrateds-first-nwsl-mvp-of-the-month\/\" target=\"_blank\" rel=\"noopener\">Source link <\/a><\/p>\n","protected":false},"excerpt":{"rendered":"<p>After an impressive start to the season, Sports Illustrated named Angel City FC forward Sveind\u00eds J\u00f3nsd\u00f3ttir as their first National Womens Soccer League (NWSL) MVP of the Month.\u00a0 \u201cI am so happy to receive this honor and be the first ever,\u201d J\u00f3nsd\u00f3ttir said to Sports Illustrated. \u201cHopefully, there is more to come!\u201d Sports Illustrated launched [&hellip;]<\/p>\n","protected":false},"author":1,"featured_media":240695,"comment_status":"open","ping_status":"open","sticky":false,"template":"","format":"standard","meta":{"tdm_status":"","tdm_grid_status":"","footnotes":""},"categories":[6805],"tags":[],"class_list":{"0":"post-240694","1":"post","2":"type-post","3":"status-publish","4":"format-standard","5":"has-post-thumbnail","7":"category-womens"},"_links":{"self":[{"href":"https:\/\/sports.runfyers.com\/index.php\/wp-json\/wp\/v2\/posts\/240694","targetHints":{"allow":["GET"]}}],"collection":[{"href":"https:\/\/sports.runfyers.com\/index.php\/wp-json\/wp\/v2\/posts"}],"about":[{"href":"https:\/\/sports.runfyers.com\/index.php\/wp-json\/wp\/v2\/types\/post"}],"author":[{"embeddable":true,"href":"https:\/\/sports.runfyers.com\/index.php\/wp-json\/wp\/v2\/users\/1"}],"replies":[{"embeddable":true,"href":"https:\/\/sports.runfyers.com\/index.php\/wp-json\/wp\/v2\/comments?post=240694"}],"version-history":[{"count":0,"href":"https:\/\/sports.runfyers.com\/index.php\/wp-json\/wp\/v2\/posts\/240694\/revisions"}],"wp:featuredmedia":[{"embeddable":true,"href":"https:\/\/sports.runfyers.com\/index.php\/wp-json\/wp\/v2\/media\/240695"}],"wp:attachment":[{"href":"https:\/\/sports.runfyers.com\/index.php\/wp-json\/wp\/v2\/media?parent=240694"}],"wp:term":[{"taxonomy":"category","embeddable":true,"href":"https:\/\/sports.runfyers.com\/index.php\/wp-json\/wp\/v2\/categories?post=240694"},{"taxonomy":"post_tag","embeddable":true,"href":"https:\/\/sports.runfyers.com\/index.php\/wp-json\/wp\/v2\/tags?post=240694"}],"curies":[{"name":"wp","href":"https:\/\/api.w.org\/{rel}","templated":true}]}}