{"id":260562,"date":"2026-08-31T19:55:55","date_gmt":"2026-08-31T19:55:55","guid":{"rendered":"https:\/\/sports.runfyers.com\/index.php\/2026\/08\/31\/tadej-pogacars-clavical-surgery-went-well-monday-in-barcelona\/"},"modified":"2026-08-31T19:55:55","modified_gmt":"2026-08-31T19:55:55","slug":"tadej-pogacars-clavical-surgery-went-well-monday-in-barcelona","status":"publish","type":"post","link":"https:\/\/sports.runfyers.com\/index.php\/2026\/08\/31\/tadej-pogacars-clavical-surgery-went-well-monday-in-barcelona\/","title":{"rendered":"Tadej Poga\u010dar&#8217;s clavical surgery &#8216;went well&#8217; Monday in Barcelona"},"content":{"rendered":"<p><\/p>\n<div id=\"article-body\">\n<p id=\"elk-58397de0-a572-11f1-a519-f3182ded306e\">Reigning world champion Tadej Poga\u010dar had surgery on Monday for a <a data-analytics-id=\"inline-link\" href=\"https:\/\/www.cyclingnews.com\/pro-cycling\/teams-riders\/tadej-pogacar-abandons-the-vuelta-a-espana-after-crash-on-stage-8\/\" data-url=\"https:\/\/www.cyclingnews.com\/pro-cycling\/teams-riders\/tadej-pogacar-abandons-the-vuelta-a-espana-after-crash-on-stage-8\/\" data-hl-processed=\"none\" data-article-category=\"pro-cycling\" data-mrf-recirculation=\"inline-link\" data-before-rewrite-localise=\"https:\/\/www.cyclingnews.com\/pro-cycling\/teams-riders\/tadej-pogacar-abandons-the-vuelta-a-espana-after-crash-on-stage-8\/\" target=\"_blank\" rel=\"noopener\">fractured collarbone sustained on stage 8<\/a> of the <a data-analytics-id=\"inline-link\" href=\"https:\/\/www.cyclingnews.com\/vuelta-a-espana\/\" data-url=\"https:\/\/www.cyclingnews.com\/vuelta-a-espana\/\" data-hl-processed=\"none\" data-article-category=\"pro-cycling\" data-mrf-recirculation=\"inline-link\" data-before-rewrite-localise=\"https:\/\/www.cyclingnews.com\/vuelta-a-espana\/\" target=\"_blank\" rel=\"noopener\">Vuelta a Espa\u00f1a<\/a>. The medical director for UAE Team Emirates-XRG confirmed the procedure was &#8220;successful&#8221; and Poga\u010dar would remain in a Barcelona hospital for a portion of this week to begin his recovery.<\/p>\n<p>\u201cThis afternoon, Tadej underwent successful surgery on his left clavicle after receiving the all-clear to proceed with the operation. The procedure went well and he will remain in hospital for post-operative monitoring for a few days,&#8221; Dr. Adrian Rotunno, the medical director for UAE Team Emirates-XRG, said on the team&#8217;s social media.<\/p>\n<p><a id=\"elk-seasonal\"\/><\/p>\n<aside data-article-category=\"pro-cycling\" data-block-type=\"embed\" data-render-type=\"fte\" data-skip=\"dealsy\" data-widget-type=\"seasonal\" class=\"ecom-root\"\/>\n<p id=\"elk-58397de0-a572-11f1-a519-f3182ded306e-2\" aria-hidden=\"true\" class=\"kiosq-b\">&#8220;When ready, Tadej will travel home to begin his recovery and rehabilitation under the supervision of the team\u2019s medical staff. We will continue to monitor his progress closely throughout the recovery process.&#8221;<\/p>\n<div class=\"my-6 w-full overflow-hidden rounded-[10px] lg:my-8\" data-component-name=\"JwPlayer:Carousel\" data-jwp-carousel=\"\" data-jwp-carousel-payload=\"{&quot;ids&quot;:{&quot;playerID&quot;:&quot;jYDCcabO&quot;,&quot;searchPlaylistID&quot;:&quot;gwjdoYHD&quot;,&quot;divID&quot;:&quot;botr_gwjdoYHD_jYDCcabO_div&quot;,&quot;fallbackPlaylistID&quot;:&quot;gwjdoYHD&quot;,&quot;fallbackDivID&quot;:&quot;botr_gwjdoYHD_jYDCcabO_div&quot;,&quot;key&quot;:&quot;X9\\\/mXVGac0NphghLH9hZaqWA5d3dhAM\\\/Ih07grnEyMLjuO2E&quot;,&quot;tintLogo&quot;:true,&quot;useSearchPlaylist&quot;:false,&quot;enabled&quot;:true},&quot;signPostingEnabled&quot;:true,&quot;signPostingLinkEnabled&quot;:true,&quot;waitForAdLoad&quot;:false,&quot;hidePlayerOnDesktop&quot;:false,&quot;hidePlayerOnMobile&quot;:false,&quot;hidePlayerOnTablet&quot;:false}\">\n<div class=\"flex flex-nowrap items-center justify-between gap-3 bg-zinc-900 px-[14px] py-3\" data-jwp-carousel-header=\"\">\n<p><span class=\"inline-flex items-center gap-1.5 text-sm font-article-heading capitalize leading-5 text-white whitespace-nowrap\"><span class=\"jwp-carousel-title-mobile\"\/><span class=\"jwp-carousel-title-desktop\">Latest Videos From<\/span><span class=\"jwp-carousel-brand\">Cyclingnews<\/span><\/span><\/p>\n<\/div>\n<\/div>\n<p aria-hidden=\"true\" class=\"kiosq-b\">Having won three of the first six stages at this year&#8217;s Vuelta, and wearing the leader&#8217;s jersey, Poga\u010dar crashed in the middle of the peloton with 32km to go on Saturday&#8217;s stage. He departed the race in an ambulance, his left shoulder heavily padded in a sling. Poga\u010dar was later diagnosed with a concussion, displaced left clavicle fracture, a stable C7 cervical fracture, and multiple abrasions.<\/p>\n<p aria-hidden=\"true\" class=\"kiosq-b\">He was initially treated in southern Valencia at hospital in Gandia, then transported north to Barcelona that evening. Due to the concussion, surgery was delayed as a precaution but <a data-analytics-id=\"inline-link\" href=\"https:\/\/www.cyclingnews.com\/pro-cycling\/tadej-pogacar-set-for-serious-operation-in-next-two-days-as-uae-team-boss-says-it-doesnt-seem-easy-to-recover-in-time-for-world-championships\/\" data-url=\"https:\/\/www.cyclingnews.com\/pro-cycling\/tadej-pogacar-set-for-serious-operation-in-next-two-days-as-uae-team-boss-says-it-doesnt-seem-easy-to-recover-in-time-for-world-championships\/\" data-hl-processed=\"none\" data-article-category=\"pro-cycling\" data-mrf-recirculation=\"inline-link\" data-before-rewrite-localise=\"https:\/\/www.cyclingnews.com\/pro-cycling\/tadej-pogacar-set-for-serious-operation-in-next-two-days-as-uae-team-boss-says-it-doesnt-seem-easy-to-recover-in-time-for-world-championships\/\" target=\"_blank\" rel=\"noopener\">he was cleared a day earlier than previously expected<\/a>.<\/p>\n<aside data-component-name=\"Recirculation:ArticleRiver\" data-recirculation-type=\"inline\" data-mrf-recirculation=\"Trending Bar\" data-nosnippet=\"\" class=\"clear-both pt-2 pb-0 mb-4\">\n        <span class=\"&#10;            flex&#10;            after:content-[''] after:flex-1 after:ml-4 after:my-[0.7rem] after:border-t after:border-solid after:border-t-[#ccc]&#10;            before:content-[''] before:flex-1 before:mr-4 before:my-[0.7rem] before:border-t before:border-solid before:border-t-[#ccc]&#10;            font-article-heading pb-0 text-[length:var(--article-river-title--font-size,1em)] uppercase sm:text-[length:var(--article-river-title--font-size,0.875em)] font-bold&#10;        \"><br \/>\n            You may like<br \/>\n        <\/span><\/p>\n<\/aside>\n<p aria-hidden=\"true\" class=\"kiosq-b\">Upon arrival to hospital in Barcelona, <a data-analytics-id=\"inline-link\" href=\"https:\/\/www.cyclingnews.com\/pro-cycling\/teams-riders\/tadej-pogacar-transferred-to-barcelona-hospital-by-ambulance-as-question-marks-linger-over-cause-of-crash-and-rest-of-season-after-vuelta-a-espana-abandon\/\" data-url=\"https:\/\/www.cyclingnews.com\/pro-cycling\/teams-riders\/tadej-pogacar-transferred-to-barcelona-hospital-by-ambulance-as-question-marks-linger-over-cause-of-crash-and-rest-of-season-after-vuelta-a-espana-abandon\/\" data-hl-processed=\"none\" data-article-category=\"pro-cycling\" data-mrf-recirculation=\"inline-link\" data-before-rewrite-localise=\"https:\/\/www.cyclingnews.com\/pro-cycling\/teams-riders\/tadej-pogacar-transferred-to-barcelona-hospital-by-ambulance-as-question-marks-linger-over-cause-of-crash-and-rest-of-season-after-vuelta-a-espana-abandon\/\" target=\"_blank\" rel=\"noopener\">Poga\u010dar posted a photo of himself<\/a> wearing a soft neck brace and showing bandages to his face and hand, using the music to Bee Gees&#8217; &#8216;Stayin Alive&#8217; to convey a positive vibe.<\/p>\n<p aria-hidden=\"true\" class=\"kiosq-b\">The team has not confirmed any details about how the crash happened, there was speculation that the Slovenian may have swerved and gone down hard after hitting a small rock.<\/p>\n<div id=\"slice-container-newsletterForm-articleInbodyContent-85h3D5dtnQpestMuweQthH\" class=\"slice-container newsletter-inbodyContent-slice newsletterForm-articleInbodyContent-85h3D5dtnQpestMuweQthH slice-container-newsletterForm\">\n<div data-hydrate=\"true\" class=\"newsletter-form__wrapper newsletter-form__wrapper--inbodyContent\">\n<div class=\"newsletter-form__container\">\n<section class=\"newsletter-form__top-bar\"\/>\n<section class=\"newsletter-form__main-section\">\n<p class=\"newsletter-form__strapline\">The latest race content, interviews, features, reviews and expert buying guides, direct to your inbox!<\/p>\n<\/section>\n<\/div>\n<\/div>\n<\/div>\n<p aria-hidden=\"true\" class=\"kiosq-b\">For now, the quest to complete the sweep of Grand Tour GC titles is over, with the Vuelta a Espa\u00f1a is the only one of the three he has not won yet. Poga\u010dar has five Tour de France victories and one win at the Giro d&#8217;Italia. His health status also puts in question his ability to race on September 27 at the Road World Championship, where he has claimed the road race rainbow jersey the last two years.<\/p>\n<p aria-hidden=\"true\" class=\"kiosq-b\"><em><strong>For unbeatable coverage across road, gravel and tech, subscribe to Cyclingnews. You&#8217;ll get comprehensive race coverage of La Vuelta a Espa\u00f1a, subscriber-exclusive analysis from our expert columnists, in-depth features and industry-leading tech insight. Plus, the Cyclingnews app lets you follow the action wherever you go!<\/strong><\/em><a data-analytics-id=\"inline-link\" href=\"https:\/\/www.cyclingnews.com\/subscription-paid\/?utm_source=Referral+link&amp;utm_medium=Website&amp;utm_campaign=LV26\" data-url=\"https:\/\/www.cyclingnews.com\/subscription-paid\/?utm_source=Referral+link&amp;utm_medium=Website&amp;utm_campaign=LV26\" data-hl-processed=\"none\" data-article-category=\"pro-cycling\" data-mrf-recirculation=\"inline-link\" data-before-rewrite-localise=\"https:\/\/www.cyclingnews.com\/subscription-paid\/?utm_source=Referral+link&amp;utm_medium=Website&amp;utm_campaign=LV26\" target=\"_blank\" rel=\"noopener\"><em><strong> <\/strong><\/em><\/a><a data-analytics-id=\"inline-link\" href=\"https:\/\/www.cyclingnews.com\/subscription-paid\/?utm_source=Referral+link&amp;utm_medium=Website&amp;utm_campaign=LV26\" data-url=\"https:\/\/www.cyclingnews.com\/subscription-paid\/?utm_source=Referral+link&amp;utm_medium=Website&amp;utm_campaign=LV26\" data-hl-processed=\"none\" data-article-category=\"pro-cycling\" data-mrf-recirculation=\"inline-link\" data-before-rewrite-localise=\"https:\/\/www.cyclingnews.com\/subscription-paid\/?utm_source=Referral+link&amp;utm_medium=Website&amp;utm_campaign=LV26\" target=\"_blank\" rel=\"noopener\"><em><strong>Join today<\/strong><\/em><\/a><em><strong>. <\/strong><\/em><\/p>\n<\/div>\n<p><a href=\"https:\/\/www.cyclingnews.com\/pro-cycling\/teams-riders\/tadej-pogacars-clavical-surgery-went-well-monday-as-team-confirms-world-champion-will-remain-in-barcelona-for-several-days\/\" target=\"_blank\" rel=\"noopener\">Source link <\/a><\/p>\n","protected":false},"excerpt":{"rendered":"<p>Reigning world champion Tadej Poga\u010dar had surgery on Monday for a fractured collarbone sustained on stage 8 of the Vuelta a Espa\u00f1a. The medical director for UAE Team Emirates-XRG confirmed the procedure was &#8220;successful&#8221; and Poga\u010dar would remain in a Barcelona hospital for a portion of this week to begin his recovery. \u201cThis afternoon, Tadej [&hellip;]<\/p>\n","protected":false},"author":1,"featured_media":260563,"comment_status":"open","ping_status":"open","sticky":false,"template":"","format":"standard","meta":{"tdm_status":"","tdm_grid_status":"","footnotes":""},"categories":[6804],"tags":[],"class_list":{"0":"post-260562","1":"post","2":"type-post","3":"status-publish","4":"format-standard","5":"has-post-thumbnail","7":"category-cycling"},"_links":{"self":[{"href":"https:\/\/sports.runfyers.com\/index.php\/wp-json\/wp\/v2\/posts\/260562","targetHints":{"allow":["GET"]}}],"collection":[{"href":"https:\/\/sports.runfyers.com\/index.php\/wp-json\/wp\/v2\/posts"}],"about":[{"href":"https:\/\/sports.runfyers.com\/index.php\/wp-json\/wp\/v2\/types\/post"}],"author":[{"embeddable":true,"href":"https:\/\/sports.runfyers.com\/index.php\/wp-json\/wp\/v2\/users\/1"}],"replies":[{"embeddable":true,"href":"https:\/\/sports.runfyers.com\/index.php\/wp-json\/wp\/v2\/comments?post=260562"}],"version-history":[{"count":0,"href":"https:\/\/sports.runfyers.com\/index.php\/wp-json\/wp\/v2\/posts\/260562\/revisions"}],"wp:featuredmedia":[{"embeddable":true,"href":"https:\/\/sports.runfyers.com\/index.php\/wp-json\/wp\/v2\/media\/260563"}],"wp:attachment":[{"href":"https:\/\/sports.runfyers.com\/index.php\/wp-json\/wp\/v2\/media?parent=260562"}],"wp:term":[{"taxonomy":"category","embeddable":true,"href":"https:\/\/sports.runfyers.com\/index.php\/wp-json\/wp\/v2\/categories?post=260562"},{"taxonomy":"post_tag","embeddable":true,"href":"https:\/\/sports.runfyers.com\/index.php\/wp-json\/wp\/v2\/tags?post=260562"}],"curies":[{"name":"wp","href":"https:\/\/api.w.org\/{rel}","templated":true}]}}