{"id":261093,"date":"2026-09-04T18:32:21","date_gmt":"2026-09-04T18:32:21","guid":{"rendered":"https:\/\/sports.runfyers.com\/index.php\/2026\/09\/04\/tadej-pogacars-director-at-uae-team-emirates-xrg-names-mas-as-top-candidate-to-win-vuelta-a-espana\/"},"modified":"2026-09-04T18:32:21","modified_gmt":"2026-09-04T18:32:21","slug":"tadej-pogacars-director-at-uae-team-emirates-xrg-names-mas-as-top-candidate-to-win-vuelta-a-espana","status":"publish","type":"post","link":"https:\/\/sports.runfyers.com\/index.php\/2026\/09\/04\/tadej-pogacars-director-at-uae-team-emirates-xrg-names-mas-as-top-candidate-to-win-vuelta-a-espana\/","title":{"rendered":"Tadej Poga\u010dar&#8217;s director at UAE Team Emirates-XRG names Mas as top candidate to win Vuelta a Espa\u00f1a"},"content":{"rendered":"<p><\/p>\n<div id=\"article-body\">\n<p id=\"elk-c678bfc2-a88e-11f1-99b5-857b0d9ebb21\">The scene around the UAE Team Emirates-XRG bus at the starts and finishes of the <a data-analytics-id=\"inline-link\" href=\"https:\/\/www.cyclingnews.com\/vuelta-a-espana\/\" data-url=\"https:\/\/www.cyclingnews.com\/vuelta-a-espana\/\" data-hl-processed=\"none\" data-article-category=\"pro-cycling\" data-mrf-recirculation=\"inline-link\" data-before-rewrite-localise=\"https:\/\/www.cyclingnews.com\/vuelta-a-espana\/\" target=\"_blank\" rel=\"noopener\">Vuelta a Espa\u00f1a<\/a>, compared to a week ago, when Tadej Poga\u010dar was still present, may be much quieter than before. But the squad continues to fight their corner in the race &#8211; and even after <a data-analytics-id=\"inline-link\" href=\"https:\/\/www.cyclingnews.com\/pro-cycling\/teams-riders\/tadej-pogacar-abandons-the-vuelta-a-espana-after-crash-on-stage-8\/\" data-url=\"https:\/\/www.cyclingnews.com\/pro-cycling\/teams-riders\/tadej-pogacar-abandons-the-vuelta-a-espana-after-crash-on-stage-8\/\" data-hl-processed=\"none\" data-article-category=\"pro-cycling\" data-mrf-recirculation=\"inline-link\" data-before-rewrite-localise=\"https:\/\/www.cyclingnews.com\/pro-cycling\/teams-riders\/tadej-pogacar-abandons-the-vuelta-a-espana-after-crash-on-stage-8\/\" target=\"_blank\" rel=\"noopener\">Poga\u010dar&#8217;s abandon<\/a> and the end of their GC options, to stay alert to developments in the overall classification battle.<\/p>\n<p>On that front, Poga\u010dar&#8217;s abandon has seen Enric Mas (Movistar) first inherit the overall lead, but then prove himself more than worthy of holding that position in the two summit finishes that followed.<\/p>\n<p><a id=\"elk-seasonal\"\/><\/p>\n<aside data-article-category=\"pro-cycling\" data-block-type=\"embed\" data-render-type=\"fte\" data-skip=\"dealsy\" data-widget-type=\"seasonal\" class=\"ecom-root\"\/>\n<p id=\"elk-c678bfc2-a88e-11f1-99b5-857b0d9ebb21-2\" aria-hidden=\"true\" class=\"kiosq-b\">Mas now holds a 1:45 advantage on closest chaser Primo\u017e Rogli\u010d (Red Bull-Bora-Hansgrohe), 45 seconds more than when Poga\u010dar made his untimely exit. Yet with three summit finishes, the first on Saturday at La Pandera, and a long time trial still to come, there are still multiple options for the top spot in Granada on September 13.<\/p>\n<div class=\"my-6 w-full overflow-hidden rounded-[10px] lg:my-8\" data-component-name=\"JwPlayer:Carousel\" data-jwp-carousel=\"\" data-jwp-carousel-payload=\"{&quot;ids&quot;:{&quot;playerID&quot;:&quot;jYDCcabO&quot;,&quot;searchPlaylistID&quot;:&quot;gwjdoYHD&quot;,&quot;divID&quot;:&quot;botr_gwjdoYHD_jYDCcabO_div&quot;,&quot;fallbackPlaylistID&quot;:&quot;gwjdoYHD&quot;,&quot;fallbackDivID&quot;:&quot;botr_gwjdoYHD_jYDCcabO_div&quot;,&quot;key&quot;:&quot;X9\\\/mXVGac0NphghLH9hZaqWA5d3dhAM\\\/Ih07grnEyMLjuO2E&quot;,&quot;tintLogo&quot;:true,&quot;useSearchPlaylist&quot;:false,&quot;enabled&quot;:true},&quot;signPostingEnabled&quot;:true,&quot;signPostingLinkEnabled&quot;:true,&quot;waitForAdLoad&quot;:false,&quot;hidePlayerOnDesktop&quot;:false,&quot;hidePlayerOnMobile&quot;:false,&quot;hidePlayerOnTablet&quot;:false}\">\n<div class=\"flex flex-nowrap items-center justify-between gap-3 bg-zinc-900 px-[14px] py-3\" data-jwp-carousel-header=\"\">\n<p><span class=\"inline-flex items-center gap-1.5 text-sm font-article-heading capitalize leading-5 text-white whitespace-nowrap\"><span class=\"jwp-carousel-title-mobile\"\/><span class=\"jwp-carousel-title-desktop\">Latest Videos From<\/span><span class=\"jwp-carousel-brand\">Cyclingnews<\/span><\/span><\/p>\n<\/div>\n<\/div>\n<p aria-hidden=\"true\" class=\"kiosq-b\">&#8220;For me, Enric is the favourite,&#8221; UAE heads sports director Joxean Fern\u00e1ndez Matxin tells <em>Cyclingnews<\/em>. &#8220;Rogli\u010d is a very important rival, he&#8217;s won the Vuelta four times, he&#8217;s got this race dialled, and that&#8217;s why Enric has so much respect for him.<\/p>\n<p aria-hidden=\"true\" class=\"kiosq-b\">&#8220;But I&#8217;m convinced that Enric is a few percentage points above him right now, not just because of the time gap, but also because of his mentality and motivation. Because he&#8217;s really interested in winning.<\/p>\n<aside data-component-name=\"Recirculation:ArticleRiver\" data-recirculation-type=\"inline\" data-mrf-recirculation=\"Trending Bar\" data-nosnippet=\"\" class=\"clear-both pt-2 pb-0 mb-4\">\n        <span class=\"&#10;            flex&#10;            after:content-[''] after:flex-1 after:ml-4 after:my-[0.7rem] after:border-t after:border-solid after:border-t-[#ccc]&#10;            before:content-[''] before:flex-1 before:mr-4 before:my-[0.7rem] before:border-t before:border-solid before:border-t-[#ccc]&#10;            font-article-heading pb-0 text-[length:var(--article-river-title--font-size,1em)] uppercase sm:text-[length:var(--article-river-title--font-size,0.875em)] font-bold&#10;        \"><br \/>\n            You may like<br \/>\n        <\/span><\/p>\n<\/aside>\n<p aria-hidden=\"true\" class=\"kiosq-b\">Matxin says he has a good relationship with Mas, a rider whom he&#8217;s known since Mas was racing at Klein Constantia in 2016, the Soudal-QuickStep feeder team, at a time when Matxin was a scout for the WorldTour squad. After Mas turned full-time pro in 2017, the two have continued to cross paths constantly.<\/p>\n<p aria-hidden=\"true\" class=\"kiosq-b\">&#8220;When he knows he can win, he&#8217;s the kind of rider who rises to the occasion. And this is one of them,&#8221; Matxin said. &#8220;So I&#8217;m convinced he&#8217;s going to be a top candidate from now on.<\/p>\n<div id=\"slice-container-newsletterForm-articleInbodyContent-UzpTBdLNLw2fKrzK2fjvKd\" class=\"slice-container newsletter-inbodyContent-slice newsletterForm-articleInbodyContent-UzpTBdLNLw2fKrzK2fjvKd slice-container-newsletterForm\">\n<div data-hydrate=\"true\" class=\"newsletter-form__wrapper newsletter-form__wrapper--inbodyContent\">\n<div class=\"newsletter-form__container\">\n<section class=\"newsletter-form__top-bar\"\/>\n<section class=\"newsletter-form__main-section\">\n<p class=\"newsletter-form__strapline\">The latest race content, interviews, features, reviews and expert buying guides, direct to your inbox!<\/p>\n<\/section>\n<\/div>\n<\/div>\n<\/div>\n<p aria-hidden=\"true\" class=\"kiosq-b\">&#8220;He knows that Rogli\u010d is a very important rival in the time trial, so every day that he can be, he&#8217;ll have to be more aggressive, because he&#8217;s got lots to win and very little to lose.&#8221;<\/p>\n<p aria-hidden=\"true\" class=\"kiosq-b\">There&#8217;s a popular opinion right now that Mas has become a different kind of rider to previous years, but Matxin feels that the 31-year-old remains the same. &#8220;He&#8217;s always been equally good; it&#8217;s just that some moments are not as good as others,&#8221; Matxin reasons.<\/p>\n<p aria-hidden=\"true\" class=\"kiosq-b\">&#8220;Not all years and races are different, and we shouldn&#8217;t think that just because a rider has been a long way out of the running in one race, means he can&#8217;t be up there in the next.&#8221;<\/p>\n<aside data-component-name=\"Recirculation:ArticleRiver\" data-recirculation-type=\"inline\" data-mrf-recirculation=\"Trending Bar\" data-nosnippet=\"\" class=\"clear-both pt-2 pb-0 mb-4\">\n        <span class=\"&#10;            flex&#10;            after:content-[''] after:flex-1 after:ml-4 after:my-[0.7rem] after:border-t after:border-solid after:border-t-[#ccc]&#10;            before:content-[''] before:flex-1 before:mr-4 before:my-[0.7rem] before:border-t before:border-solid before:border-t-[#ccc]&#10;            font-article-heading pb-0 text-[length:var(--article-river-title--font-size,1em)] uppercase sm:text-[length:var(--article-river-title--font-size,0.875em)] font-bold&#10;        \"><br \/>\n            What to read next<br \/>\n        <\/span><\/p>\n<\/aside>\n<p aria-hidden=\"true\" class=\"kiosq-b\">The opposite is also true, and one rider who has been off the boil in this year&#8217;s Vuelta compared to 2025 is Jo\u00e3o Almeida. Second last year and even able to outstrip Jonas Vingegaard (Visma-Lease a Bike) at some points in the Vuelta, Almeida has been a shadow of the racer he was in 2025 this year.<\/p>\n<p aria-hidden=\"true\" class=\"kiosq-b\">&#8220;He had a virus at the start of April and May, and he couldn&#8217;t get a good enough training base to be in the Tour,&#8221; Matxin explained. &#8220;The fall he then had in the Tour de Pologne set him back nearly two weeks in terms of training, so he came here happy to help. But now he&#8217;s looking for that base condition and will try and get into breaks in the meantime.&#8221;<\/p>\n<p aria-hidden=\"true\" class=\"kiosq-b\">Almeida&#8217;s teammate Jay Vine is another UAE rider who&#8217;s been in increasingly poor shape following his strong start in Sierra Nevada. Matxin described his condition as &#8220;feeling empty &#8211; he was unable to go on, and that&#8217;s all there is.&#8221;<\/p>\n<p aria-hidden=\"true\" class=\"kiosq-b\">But if Vine&#8217;s form has suffered in the second half, heading the opposite direction as the race has progressed, the US rider Kevin Vermaerke has been regularly in the breaks and on the front of the bunch.<\/p>\n<p aria-hidden=\"true\" class=\"kiosq-b\">&#8220;He&#8217;s doing great,&#8221; Matxin says. &#8220;He&#8217;s going well, got a great attitude\u2026 when we ask him to help, he helps, when we ask him to fight for the stage, he fights. We&#8217;re very pleased with him, not just because of his <a data-analytics-id=\"inline-link\" href=\"https:\/\/www.cyclingnews.com\/tag\/performance\/\" data-auto-tag-linker=\"true\" data-url=\"https:\/\/www.cyclingnews.com\/tag\/performance\/\" data-hl-processed=\"none\" data-article-category=\"pro-cycling\" data-mrf-recirculation=\"inline-link\" data-before-rewrite-localise=\"https:\/\/www.cyclingnews.com\/tag\/performance\/\" target=\"_blank\" rel=\"noopener\">performance<\/a>, but because of his attitude, and sometimes the attitude is more valuable than the performance.&#8221;<\/p>\n<p aria-hidden=\"true\" class=\"kiosq-b\">The UAE rider whom all the fans are thinking about, though, even if he&#8217;s no longer at the Vuelta, is of course Poga\u010dar, but Matxin says they continue to give priority to &#8220;Tadej the person, not Tadej the cyclist.&#8221;<\/p>\n<p aria-hidden=\"true\" class=\"kiosq-b\">There is no news right now on his current date of return, Matxin says, with the focus purely on his recovery from his Vuelta injuries.<\/p>\n<p aria-hidden=\"true\" class=\"kiosq-b\">While UAE continue to search for stage wins in the Vuelta &#8211; &#8220;all or any or interesting to us&#8221;, Matxin says, another Slovenian rider, Jacob Omrzel (Bahrain Victorious) has already clinched just such a victory at the summit finish of Calar Alto.<\/p>\n<p aria-hidden=\"true\" class=\"kiosq-b\">In the process, aged 20, Omrzel has managed to become the second-youngest ever Vuelta a Espa\u00f1a stage winner &#8211; ahead of Poga\u010dar in 2019 &#8211; and clinch his first ever victory in a Grand Tour.<\/p>\n<p aria-hidden=\"true\" class=\"kiosq-b\">Matxin, for one, was very impressed.<\/p>\n<p aria-hidden=\"true\" class=\"kiosq-b\">&#8220;He&#8217;s a rider with a big future and if, on top of that, if he keeps on winning stages like he did yesterday against top riders and spending his energy exactly as he needs too, never overdoing it in the break, even more so.&#8221;<\/p>\n<p aria-hidden=\"true\" class=\"kiosq-b\">&#8220;That goes to show he&#8217;s just strong for his age. He&#8217;s also very intelligent, and he&#8217;s got that extra per cent which only the top riders really have,&#8221; Matxin concluded. &#8220;He&#8217;s definitely a rider to watch.&#8221;<\/p>\n<p aria-hidden=\"true\" class=\"kiosq-b\"><strong>For unbeatable coverage across road, gravel and tech, subscribe to Cyclingnews. You&#8217;ll get comprehensive race coverage of La Vuelta a Espa\u00f1a, subscriber-exclusive analysis from our expert columnists, in-depth features and industry-leading tech insight. Plus, the Cyclingnews app lets you follow the action wherever you go! <\/strong><a data-analytics-id=\"inline-link\" href=\"https:\/\/www.cyclingnews.com\/subscription-paid\/?utm_source=Referral+link&amp;utm_medium=Website&amp;utm_campaign=LV26\" target=\"_blank\" data-url=\"https:\/\/www.cyclingnews.com\/subscription-paid\/?utm_source=Referral+link&amp;utm_medium=Website&amp;utm_campaign=LV26\" data-hl-processed=\"none\" data-article-category=\"pro-cycling\" data-mrf-recirculation=\"inline-link\" data-before-rewrite-localise=\"https:\/\/www.cyclingnews.com\/subscription-paid\/?utm_source=Referral+link&amp;utm_medium=Website&amp;utm_campaign=LV26\" rel=\"noopener\"><u><strong>Join today.<\/strong><\/u><\/a><\/p>\n<\/div>\n<p><a href=\"https:\/\/www.cyclingnews.com\/pro-cycling\/racing\/enric-is-the-favourite-tadej-pogacars-director-at-uae-team-emirates-xrg-names-mas-as-top-candidate-to-win-vuelta-a-espana\/\" target=\"_blank\" rel=\"noopener\">Source link <\/a><\/p>\n","protected":false},"excerpt":{"rendered":"<p>The scene around the UAE Team Emirates-XRG bus at the starts and finishes of the Vuelta a Espa\u00f1a, compared to a week ago, when Tadej Poga\u010dar was still present, may be much quieter than before. But the squad continues to fight their corner in the race &#8211; and even after Poga\u010dar&#8217;s abandon and the end [&hellip;]<\/p>\n","protected":false},"author":1,"featured_media":261094,"comment_status":"open","ping_status":"open","sticky":false,"template":"","format":"standard","meta":{"tdm_status":"","tdm_grid_status":"","footnotes":""},"categories":[6804],"tags":[],"class_list":{"0":"post-261093","1":"post","2":"type-post","3":"status-publish","4":"format-standard","5":"has-post-thumbnail","7":"category-cycling"},"_links":{"self":[{"href":"https:\/\/sports.runfyers.com\/index.php\/wp-json\/wp\/v2\/posts\/261093","targetHints":{"allow":["GET"]}}],"collection":[{"href":"https:\/\/sports.runfyers.com\/index.php\/wp-json\/wp\/v2\/posts"}],"about":[{"href":"https:\/\/sports.runfyers.com\/index.php\/wp-json\/wp\/v2\/types\/post"}],"author":[{"embeddable":true,"href":"https:\/\/sports.runfyers.com\/index.php\/wp-json\/wp\/v2\/users\/1"}],"replies":[{"embeddable":true,"href":"https:\/\/sports.runfyers.com\/index.php\/wp-json\/wp\/v2\/comments?post=261093"}],"version-history":[{"count":0,"href":"https:\/\/sports.runfyers.com\/index.php\/wp-json\/wp\/v2\/posts\/261093\/revisions"}],"wp:featuredmedia":[{"embeddable":true,"href":"https:\/\/sports.runfyers.com\/index.php\/wp-json\/wp\/v2\/media\/261094"}],"wp:attachment":[{"href":"https:\/\/sports.runfyers.com\/index.php\/wp-json\/wp\/v2\/media?parent=261093"}],"wp:term":[{"taxonomy":"category","embeddable":true,"href":"https:\/\/sports.runfyers.com\/index.php\/wp-json\/wp\/v2\/categories?post=261093"},{"taxonomy":"post_tag","embeddable":true,"href":"https:\/\/sports.runfyers.com\/index.php\/wp-json\/wp\/v2\/tags?post=261093"}],"curies":[{"name":"wp","href":"https:\/\/api.w.org\/{rel}","templated":true}]}}